{"id":2017,"date":"2025-12-10T02:58:15","date_gmt":"2025-12-10T01:58:15","guid":{"rendered":"https:\/\/www.entrepreneurskills.ch\/?p=2017"},"modified":"2026-03-24T02:47:44","modified_gmt":"2026-03-24T01:47:44","slug":"la-formazione-professionale-ict-e-entrepreneurskills-promuovono-insieme-i-talenti-imprenditoriali","status":"publish","type":"post","link":"https:\/\/www.entrepreneurskills.ch\/it\/la-formazione-professionale-ict-e-entrepreneurskills-promuovono-insieme-i-talenti-imprenditoriali\/","title":{"rendered":"La formazione professionale ICT e EntrepreneurSkills promuovono insieme i talenti imprenditoriali"},"content":{"rendered":"<p>I talenti delle professioni ICT ottengono regolarmente degli ottimi risultati nelle nostre competizioni. Agli SwissSkills 2025, le mediamatiche Jana St\u00f6ri ed Elina von Fl\u00fceh si sono aggiudicate il primo posto, mentre il secondo \u00e8 andato agli sviluppatori di applicazioni Kevin Willeit e Michael Epper.<\/p>\n<p>A questi si aggiungono numerosi vincitori dei campionati regionali e, naturalmente, i nostri primi campioni europei del 2023, Ralf Boltshauser e Raymond Tea. Non \u00e8 raro che i nostri talenti partecipino, oltre alle competizioni di imprenditorialit\u00e0, anche a quelle di competenze ICT, come quest&#8217;anno Kimi L\u00f6ffel, che si \u00e8 classificato quarto agli SwissSkills 2025 e pu\u00f2 dunque andare orgoglioso del titolo di vicecampione svizzero nella categoria \u00abWeb Technologies\u00bb.<\/p>\n<p>Siamo quindi fieri dello scambio di esperienze e del sostegno reciproco nella promozione, realizzazione e ulteriore sviluppo delle nostre competizioni insieme a ICT Formazione professionale svizzera.<\/p>\n","protected":false},"excerpt":{"rendered":"<p>La formazione professionale ICT e EntrepreneurSkills promuovono insieme i talenti: medaglie conquistate con successo, ottime prestazioni agli SwissSkills e preziosi scambi per l&#8217;ulteriore sviluppo delle competizioni.<\/p>\n","protected":false},"author":1,"featured_media":2016,"comment_status":"closed","ping_status":"closed","sticky":false,"template":"","format":"standard","meta":{"_acf_changed":false,"_seopress_robots_primary_cat":"none","_seopress_titles_title":"","_seopress_titles_desc":"","_seopress_robots_index":"","footnotes":""},"categories":[48],"tags":[],"class_list":["post-2017","post","type-post","status-publish","format-standard","has-post-thumbnail","hentry","category-evento"],"acf":[],"_links":{"self":[{"href":"https:\/\/www.entrepreneurskills.ch\/it\/wp-json\/wp\/v2\/posts\/2017","targetHints":{"allow":["GET"]}}],"collection":[{"href":"https:\/\/www.entrepreneurskills.ch\/it\/wp-json\/wp\/v2\/posts"}],"about":[{"href":"https:\/\/www.entrepreneurskills.ch\/it\/wp-json\/wp\/v2\/types\/post"}],"author":[{"embeddable":true,"href":"https:\/\/www.entrepreneurskills.ch\/it\/wp-json\/wp\/v2\/users\/1"}],"replies":[{"embeddable":true,"href":"https:\/\/www.entrepreneurskills.ch\/it\/wp-json\/wp\/v2\/comments?post=2017"}],"version-history":[{"count":1,"href":"https:\/\/www.entrepreneurskills.ch\/it\/wp-json\/wp\/v2\/posts\/2017\/revisions"}],"predecessor-version":[{"id":3573,"href":"https:\/\/www.entrepreneurskills.ch\/it\/wp-json\/wp\/v2\/posts\/2017\/revisions\/3573"}],"wp:featuredmedia":[{"embeddable":true,"href":"https:\/\/www.entrepreneurskills.ch\/it\/wp-json\/wp\/v2\/media\/2016"}],"wp:attachment":[{"href":"https:\/\/www.entrepreneurskills.ch\/it\/wp-json\/wp\/v2\/media?parent=2017"}],"wp:term":[{"taxonomy":"category","embeddable":true,"href":"https:\/\/www.entrepreneurskills.ch\/it\/wp-json\/wp\/v2\/categories?post=2017"},{"taxonomy":"post_tag","embeddable":true,"href":"https:\/\/www.entrepreneurskills.ch\/it\/wp-json\/wp\/v2\/tags?post=2017"}],"curies":[{"name":"wp","href":"https:\/\/api.w.org\/{rel}","templated":true}]}}