{"id":5906,"date":"2026-08-30T15:55:41","date_gmt":"2026-08-30T13:55:41","guid":{"rendered":"https:\/\/www.entrepreneurskills.ch\/swissskills-championships-2026-quatre-jours-dentrepreneuriat-a-saint-gall\/"},"modified":"2026-08-31T18:50:48","modified_gmt":"2026-08-31T16:50:48","slug":"swissskills-championships-2026-quatre-jours-dentrepreneuriat-a-saint-gall","status":"publish","type":"post","link":"https:\/\/www.entrepreneurskills.ch\/fr\/swissskills-championships-2026-quatre-jours-dentrepreneuriat-a-saint-gall\/","title":{"rendered":"SwissSkills Championships 2026 \u2013 quatre jours d&#8217;entrepreneuriat \u00e0 Saint-Gall"},"content":{"rendered":"<p dir=\"ltr\">Les SwissSkills Championships in Entrepreneurship 2026 appartiennent d\u00e9sormais au pass\u00e9. Du jeudi 27 au dimanche 30 ao\u00fbt 2026, nous avons pu pr\u00e9senter l&#8217;entrepreneuriat comme perspective professionnelle \u00e0 l&#8217;OBA de Saint-Gall, avec les neuf meilleures \u00e9quipes de toute la Suisse et une \u00e9quipe invit\u00e9e d&#8217;Albanie.<\/p>\n<p dir=\"ltr\">Durant quatre jours, les \u00e9quipes ont \u00e9labor\u00e9 une nouvelle id\u00e9e d&#8217;entreprise autour du SDG Challenge \u00abEau propre et assainissement\u00bb et l&#8217;ont pr\u00e9sent\u00e9e le dimanche 30 ao\u00fbt devant un jury d&#8217;entrepreneurs. Les jours pr\u00e9c\u00e9dents, il s&#8217;agissait de r\u00e9aliser diff\u00e9rents modules sous pression: pr\u00e9sentation d&#8217;\u00e9quipe, d\u00e9finition du probl\u00e8me et de la solution, prototypage, planification financi\u00e8re ainsi que deux Mystery Challenges, dont le contenu n&#8217;\u00e9tait communiqu\u00e9 aux \u00e9quipes que peu avant le travail. Chaque module a \u00e9t\u00e9 \u00e9valu\u00e9 \u2013 le pitch final n&#8217;\u00e9tait donc pas la seule \u00e9preuve, mais la derni\u00e8re. Le <a href=\"https:\/\/swiss-skills.ch\/pdf\/Championships%202026\/Rangliste%20Entrepreneurship.pdf\" target=\"_blank\" rel=\"noopener\">classement complet<\/a> est disponible ici.<\/p>\n<p dir=\"ltr\">D\u00e8s le jeudi, trois \u00e9quipes issues des championnats r\u00e9gionaux et du programme de talents ont pr\u00e9sent\u00e9 leurs id\u00e9es au public de l&#8217;OBA et re\u00e7u un retour direct de notre jury d&#8217;experts. La promotion des talents entrepreneuriaux \u00e9tait ainsi pr\u00e9sente au salon d\u00e8s la premi\u00e8re heure. Le dimanche matin, les dix \u00e9quipes finalistes se sont pr\u00e9sent\u00e9es devant le jury externe d&#8217;entrepreneurs avec leur pitch final: huit minutes de pr\u00e9sentation, trois minutes de questions. La qualit\u00e9 des pitches a montr\u00e9 tout ce qui peut se d\u00e9velopper en seulement quatre jours.<\/p>\n<p dir=\"ltr\">Le jury \u00e9tait compos\u00e9 d&#8217;Isaline Brodt, pr\u00e9sidente de <a href=\"https:\/\/www.startglobal.org\/\" target=\"_blank\" rel=\"noopener\">START Global<\/a>, de Nelson Baechler, Head Programmes &amp; Deputy CEO chez <a href=\"https:\/\/yes.swiss\/fr\/\" target=\"_blank\" rel=\"noopener\">YES (Young Enterprise Switzerland)<\/a>, de Michael Fahrni, pr\u00e9sident de la <a href=\"https:\/\/svc-stiftung.swiss\/\" target=\"_blank\" rel=\"noopener\">SVC Stiftung f\u00fcr das Unternehmertum<\/a>, de Mirjam Hasbi, cheffe de projet Business Development \u00e0 la <a href=\"https:\/\/fh-hwz.ch\/\" target=\"_blank\" rel=\"noopener\">HWZ Hochschule f\u00fcr Wirtschaft Z\u00fcrich<\/a>, ainsi que de Tim Pfister, VP Switzerland chez <a href=\"https:\/\/qumea.com\/\" target=\"_blank\" rel=\"noopener\">QUMEA<\/a>. Ils ont \u00e9valu\u00e9 les concepts notamment selon l&#8217;orientation client et march\u00e9, la force d&#8217;innovation, la faisabilit\u00e9 et le pouvoir de conviction de la pr\u00e9sentation.<\/p>\n<p dir=\"ltr\">Avant l&#8217;annonce du classement, les gagnantes de l&#8217;an dernier, Jana Stoeri et Elina von Fl\u00fce, sont revenues sur leur parcours depuis les SwissSkills 2025. En mars dernier, elles ont remport\u00e9 la premi\u00e8re place du <a href=\"https:\/\/www.myidea.ch\/concours-printemps-2026\" target=\"_blank\" rel=\"noopener\">My Idea Challenge<\/a> national dans la cat\u00e9gorie Fight Fake News avec leur id\u00e9e \u00abTrecho\u00bb et se sont ainsi qualifi\u00e9es pour la Youth Start Challenge europ\u00e9enne, qui se tiendra en Mac\u00e9doine du Nord en octobre 2026. <a href=\"https:\/\/www.entrepreneurskills.ch\/fr\/le-vice-champion-suisse-kevin-willeit-lance-sa-propre-start-up-findmee-apres-swissskills\/\" target=\"_blank\" rel=\"noopener\">Kevin Willeit<\/a>, deuxi\u00e8me l&#8217;an dernier, a ensuite pr\u00e9sent\u00e9 sa start-up Findmee, qu&#8217;il a fond\u00e9e avec Janik Meier, lui aussi ancien participant. Les deux interventions ont montr\u00e9 de mani\u00e8re frappante quelles perspectives professionnelles et quels succ\u00e8s peuvent na\u00eetre de notre concours.<\/p>\n<p dir=\"ltr\">Nous remercions nos Leading Partners <a href=\"https:\/\/www.initiative-schweiz.org\/fr\/home\" target=\"_blank\" rel=\"noopener\">Initiative Schweiz<\/a> et <a href=\"https:\/\/www.grstiftung.ch\/fr.html\" target=\"_blank\" rel=\"noopener\">Gebert R\u00fcf Stiftung<\/a>, notre partenaire <a href=\"https:\/\/svc-stiftung.swiss\/\" target=\"_blank\" rel=\"noopener\">SVC Stiftung<\/a>, notre Equipment Partner <a href=\"https:\/\/www.on.com\/fr-ch\/\" target=\"_blank\" rel=\"noopener\">On<\/a> et tout particuli\u00e8rement notre <span>Final Partner <\/span><a href=\"https:\/\/kanton.gewerbe.sg\/\" target=\"_blank\" rel=\"noopener\">Kantonaler Gewerbeverband St.Gallen<\/a><span>,<\/span> qui a rendu possible cette \u00e9dition \u00e0 Saint-Gall. Nous sommes \u00e9galement reconnaissants envers l&#8217;ensemble de notre r\u00e9seau: les chambres de commerce suisses, les partenaires de formation (\u00e9coles professionnelles et hautes \u00e9coles sp\u00e9cialis\u00e9es), les partenaires de programme ainsi que nos innombrables supporters et fans pour leur soutien.<\/p>\n<p dir=\"ltr\">Vers le <a href=\"https:\/\/www.entrepreneurskills.ch\/fr\/medias\/\" target=\"_blank\" rel=\"noopener\">communiqu\u00e9 de presse<\/a><\/p>\n","protected":false},"excerpt":{"rendered":"<p>Lors des SwissSkills Championships in Entrepreneurship 2026, \u00e0 l&#8217;OBA de Saint-Gall, les neuf meilleures \u00e9quipes de Suisse ainsi qu&#8217;une \u00e9quipe invit\u00e9e d&#8217;Albanie ont d\u00e9velopp\u00e9 de nouvelles id\u00e9es d&#8217;entreprise autour du SDG Challenge de cette ann\u00e9e, \u00abEau propre et assainissement\u00bb. L&#8217;or est revenu aux deux futures m\u00e9diamaticiennes CFC Enya Ruzza et Milena Kradolfer, l&#8217;argent \u00e0 Lara Moscillo (m\u00e9diamaticienne CFC) et Magnus Scherrer (employ\u00e9 de commerce CFC), le bronze \u00e0 Eliot Benninger et Luca Vuille (tous deux \u00e9galement m\u00e9diamaticiens CFC).<\/p>\n","protected":false},"author":3,"featured_media":5845,"comment_status":"closed","ping_status":"closed","sticky":false,"template":"","format":"standard","meta":{"_acf_changed":false,"_seopress_titles_title":"","_seopress_titles_desc":"","_seopress_robots_index":"","_seopress_robots_follow":"","_seopress_robots_imageindex":"","_seopress_robots_snippet":"","_seopress_robots_primary_cat":"","_seopress_robots_breadcrumbs":"","_seopress_robots_freeze_modified_date":"","_seopress_robots_custom_modified_date":"","_seopress_robots_canonical":"","_seopress_social_fb_title":"","_seopress_social_fb_desc":"","_seopress_social_fb_img":"","_seopress_social_fb_img_attachment_id":0,"_seopress_social_fb_img_width":0,"_seopress_social_fb_img_height":0,"_seopress_social_twitter_title":"","_seopress_social_twitter_desc":"","_seopress_social_twitter_img":"","_seopress_social_twitter_img_attachment_id":0,"_seopress_social_twitter_img_width":0,"_seopress_social_twitter_img_height":0,"_seopress_redirections_value":"","_seopress_redirections_enabled":"","_seopress_redirections_enabled_regex":"","_seopress_redirections_logged_status":"both","_seopress_redirections_param":"","_seopress_redirections_type":301,"_seopress_analysis_target_kw":"","footnotes":""},"categories":[49,51],"tags":[],"class_list":["post-5906","post","type-post","status-publish","format-standard","has-post-thumbnail","hentry","category-actualites","category-evenement"],"acf":[],"_links":{"self":[{"href":"https:\/\/www.entrepreneurskills.ch\/fr\/wp-json\/wp\/v2\/posts\/5906","targetHints":{"allow":["GET"]}}],"collection":[{"href":"https:\/\/www.entrepreneurskills.ch\/fr\/wp-json\/wp\/v2\/posts"}],"about":[{"href":"https:\/\/www.entrepreneurskills.ch\/fr\/wp-json\/wp\/v2\/types\/post"}],"author":[{"embeddable":true,"href":"https:\/\/www.entrepreneurskills.ch\/fr\/wp-json\/wp\/v2\/users\/3"}],"replies":[{"embeddable":true,"href":"https:\/\/www.entrepreneurskills.ch\/fr\/wp-json\/wp\/v2\/comments?post=5906"}],"version-history":[{"count":4,"href":"https:\/\/www.entrepreneurskills.ch\/fr\/wp-json\/wp\/v2\/posts\/5906\/revisions"}],"predecessor-version":[{"id":5915,"href":"https:\/\/www.entrepreneurskills.ch\/fr\/wp-json\/wp\/v2\/posts\/5906\/revisions\/5915"}],"wp:featuredmedia":[{"embeddable":true,"href":"https:\/\/www.entrepreneurskills.ch\/fr\/wp-json\/wp\/v2\/media\/5845"}],"wp:attachment":[{"href":"https:\/\/www.entrepreneurskills.ch\/fr\/wp-json\/wp\/v2\/media?parent=5906"}],"wp:term":[{"taxonomy":"category","embeddable":true,"href":"https:\/\/www.entrepreneurskills.ch\/fr\/wp-json\/wp\/v2\/categories?post=5906"},{"taxonomy":"post_tag","embeddable":true,"href":"https:\/\/www.entrepreneurskills.ch\/fr\/wp-json\/wp\/v2\/tags?post=5906"}],"curies":[{"name":"wp","href":"https:\/\/api.w.org\/{rel}","templated":true}]}}